{"id":16927,"date":"2026-03-18T21:51:14","date_gmt":"2026-03-18T20:51:14","guid":{"rendered":"https:\/\/luciennelaparisienne.fr\/?p=16927"},"modified":"2026-06-08T12:29:16","modified_gmt":"2026-06-08T10:29:16","slug":"comment-proteger-son-teckel-en-periode-de-forte-chaleur","status":"publish","type":"post","link":"https:\/\/luciennelaparisienne.fr\/it\/2026\/03\/18\/comment-proteger-son-teckel-en-periode-de-forte-chaleur\/","title":{"rendered":"Come proteggere il proprio bassotto durante i periodi di grande caldo?"},"content":{"rendered":"<p><span style=\"font-size: 14pt;\"><strong>Come proteggere il proprio bassotto durante i periodi di grande caldo?<\/strong><\/span><\/p>\n<p data-start=\"165\" data-end=\"467\">Il grande caldo pu\u00f2 essere particolarmente difficile da sopportare per i cani, e in particolare per i bassotti. La loro morfologia e la loro vicinanza al suolo li rendono pi\u00f9 sensibili alle temperature elevate. Ecco alcuni accorgimenti semplici ma fondamentali per garantire il loro benessere durante l'estate.<\/p>\n<h3 data-section-id=\"12ljqw2\" data-start=\"469\" data-end=\"513\"><span style=\"font-size: 14pt;\">L'idratazione, un'abitudine fondamentale<\/span><\/h3>\n<h3 data-section-id=\"12ljqw2\" data-start=\"469\" data-end=\"513\"><img loading=\"lazy\" decoding=\"async\" class=\"alignnone size-medium wp-image-17773\" style=\"font-size: 12pt;\" src=\"https:\/\/luciennelaparisienne.fr\/wp-content\/uploads\/2026\/03\/chien-gamelle-300x193.jpeg\" alt=\"\" width=\"300\" height=\"193\" srcset=\"https:\/\/luciennelaparisienne.fr\/wp-content\/uploads\/2026\/03\/chien-gamelle-300x193.jpeg 300w, https:\/\/luciennelaparisienne.fr\/wp-content\/uploads\/2026\/03\/chien-gamelle-768x494.jpeg 768w, https:\/\/luciennelaparisienne.fr\/wp-content\/uploads\/2026\/03\/chien-gamelle-18x12.jpeg 18w, https:\/\/luciennelaparisienne.fr\/wp-content\/uploads\/2026\/03\/chien-gamelle-150x96.jpeg 150w, https:\/\/luciennelaparisienne.fr\/wp-content\/uploads\/2026\/03\/chien-gamelle-600x386.jpeg 600w, https:\/\/luciennelaparisienne.fr\/wp-content\/uploads\/2026\/03\/chien-gamelle-900x578.jpeg 900w, https:\/\/luciennelaparisienne.fr\/wp-content\/uploads\/2026\/03\/chien-gamelle.jpeg 1024w\" sizes=\"auto, (max-width: 300px) 100vw, 300px\" \/><\/h3>\n<p data-start=\"514\" data-end=\"763\">Il vostro bassotto deve avere sempre a disposizione acqua fresca. Ricordatevi di offrirgli da bere regolarmente durante tutta la giornata.<br data-start=\"649\" data-end=\"652\" \/>Suggerimento: aggiungere un piccolo dolcetto nell\u2019acqua pu\u00f2 aiutarlo a bere di pi\u00f9 grazie al profumo.<\/p>\n<h3 data-section-id=\"1vq7x9z\" data-start=\"765\" data-end=\"808\"><span style=\"font-size: 12pt;\">\u00a0<span style=\"font-size: 14pt;\">Evitare le ore pi\u00f9 calde<\/span><\/span><\/h3>\n<h3 data-section-id=\"1vq7x9z\" data-start=\"765\" data-end=\"808\"><img loading=\"lazy\" decoding=\"async\" class=\"alignnone size-medium wp-image-17772\" style=\"font-size: 12pt;\" src=\"https:\/\/luciennelaparisienne.fr\/wp-content\/uploads\/2026\/03\/photo_2026-05-29_15-50-02-300x225.jpg\" alt=\"\" width=\"300\" height=\"225\" srcset=\"https:\/\/luciennelaparisienne.fr\/wp-content\/uploads\/2026\/03\/photo_2026-05-29_15-50-02-300x225.jpg 300w, https:\/\/luciennelaparisienne.fr\/wp-content\/uploads\/2026\/03\/photo_2026-05-29_15-50-02-1024x768.jpg 1024w, https:\/\/luciennelaparisienne.fr\/wp-content\/uploads\/2026\/03\/photo_2026-05-29_15-50-02-768x576.jpg 768w, https:\/\/luciennelaparisienne.fr\/wp-content\/uploads\/2026\/03\/photo_2026-05-29_15-50-02-16x12.jpg 16w, https:\/\/luciennelaparisienne.fr\/wp-content\/uploads\/2026\/03\/photo_2026-05-29_15-50-02-150x113.jpg 150w, https:\/\/luciennelaparisienne.fr\/wp-content\/uploads\/2026\/03\/photo_2026-05-29_15-50-02-600x450.jpg 600w, https:\/\/luciennelaparisienne.fr\/wp-content\/uploads\/2026\/03\/photo_2026-05-29_15-50-02-900x675.jpg 900w, https:\/\/luciennelaparisienne.fr\/wp-content\/uploads\/2026\/03\/photo_2026-05-29_15-50-02.jpg 1280w\" sizes=\"auto, (max-width: 300px) 100vw, 300px\" \/><\/h3>\n<p data-start=\"809\" data-end=\"975\">Preferite le passeggiate al mattino presto o alla sera, quando le temperature sono pi\u00f9 miti. Durante il giorno, tenete il vostro cane all\u2019ombra il pi\u00f9 possibile.<\/p>\n<h3 data-section-id=\"9kdz2q\" data-start=\"977\" data-end=\"1012\">\u26a0\ufe0f<span style=\"font-size: 12pt;\"> Attenzione ai pregiudizi<\/span><\/h3>\n<p data-start=\"1013\" data-end=\"1160\">Un berretto o un cappello non proteggono un cane dal colpo di calore. \u00c8 quindi inutile affidarsi a questo tipo di accessorio per la sua sicurezza.<\/p>\n<h3 data-section-id=\"tdkivk\" data-start=\"1162\" data-end=\"1203\">\ud83d\udc3e <span style=\"font-size: 14pt;\">Monitorare la temperatura del suolo<\/span><\/h3>\n<p data-start=\"1204\" data-end=\"1434\">L'asfalto e la sabbia possono diventare estremamente caldi e causare ustioni alle zampe.<br data-start=\"1304\" data-end=\"1307\" \/>Un semplice test: appoggiate la mano sul pavimento per cinque secondi. Se per voi \u00e8 troppo caldo, lo \u00e8 anche per il vostro cane.<\/p>\n<h3 data-section-id=\"wxvt3t\" data-start=\"1436\" data-end=\"1477\">\ud83d\ude97 <span style=\"font-size: 14pt;\">Mai portare un bassotto in auto<\/span><\/h3>\n<p data-start=\"1478\" data-end=\"1643\">Anche solo per pochi minuti, lasciare un bassotto in auto pu\u00f2 essere estremamente pericoloso, se non addirittura mortale. La temperatura all\u2019interno dell\u2019abitacolo pu\u00f2 aumentare molto rapidamente.<\/p>\n<h3 data-section-id=\"1fl6wfr\" data-start=\"1645\" data-end=\"1687\"><span style=\"font-size: 14pt;\">Come rinfrescare correttamente il proprio bassotto<\/span><\/h3>\n<p data-start=\"1688\" data-end=\"1835\">Per aiutare il vostro bassotto a sopportare il caldo, potete inumidire leggermente i cuscinetti delle zampe, la pancia e le orecchie con acqua fresca.<\/p>\n<p data-start=\"1837\" data-end=\"1973\">Evitate invece assolutamente di applicare impacchi di ghiaccio direttamente sul corpo, poich\u00e9 ci\u00f2 potrebbe provocare uno shock termico.<\/p>\n<h3 data-section-id=\"unuxlr\" data-start=\"1980\" data-end=\"1998\"><span style=\"font-size: 12pt;\">In sintesi<\/span><\/h3>\n<p data-start=\"1999\" data-end=\"2206\">Bastano pochi semplici accorgimenti per proteggere efficacemente il vostro bassotto durante i periodi di forte caldo. Attenzione, buon senso e idratazione sono gli elementi chiave per trascorrere un\u2019estate in tutta sicurezza insieme a lui.<\/p>","protected":false},"excerpt":{"rendered":"<p>Comment prot\u00e9ger son teckel en p\u00e9riode de forte chaleur ? Les fortes chaleurs peuvent \u00eatre particuli\u00e8rement difficiles \u00e0 supporter pour les chiens, et notamment pour les teckels. Leur morphologie et leur proximit\u00e9 avec le sol les rendent plus sensibles aux temp\u00e9ratures \u00e9lev\u00e9es. Voici quelques gestes simples mais essentiels pour assurer [&hellip;]<\/p>","protected":false},"author":1,"featured_media":17910,"comment_status":"open","ping_status":"open","sticky":false,"template":"","format":"standard","meta":{"inline_featured_image":false,"footnotes":""},"categories":[1],"tags":[],"class_list":["post-16927","post","type-post","status-publish","format-standard","has-post-thumbnail","hentry","category-non-classe"],"yoast_head":"<!-- This site is optimized with the Yoast SEO plugin v26.6 - https:\/\/yoast.com\/wordpress\/plugins\/seo\/ -->\n<title>Comment prot\u00e9ger son teckel en p\u00e9riode de forte chaleur ? - Lucienne la Parisienne<\/title>\n<meta name=\"description\" content=\"Les fortes chaleurs peuvent \u00eatre particuli\u00e8rement difficiles \u00e0 supporter pour les chiens, et notamment pour les teckels. Leur morphologie et leur proximit\u00e9 avec le sol les rendent plus sensibles aux temp\u00e9ratures \u00e9lev\u00e9es. Voici quelques gestes simples mais essentiels pour assurer leur bien-\u00eatre en \u00e9t\u00e9.\" \/>\n<meta name=\"robots\" content=\"index, follow, max-snippet:-1, max-image-preview:large, max-video-preview:-1\" \/>\n<link rel=\"canonical\" href=\"https:\/\/luciennelaparisienne.fr\/it\/2026\/03\/18\/comment-proteger-son-teckel-en-periode-de-forte-chaleur\/\" \/>\n<meta property=\"og:locale\" content=\"it_IT\" \/>\n<meta property=\"og:type\" content=\"article\" \/>\n<meta property=\"og:title\" content=\"Comment prot\u00e9ger son teckel en p\u00e9riode de forte chaleur ? - Lucienne la Parisienne\" \/>\n<meta property=\"og:description\" content=\"Les fortes chaleurs peuvent \u00eatre particuli\u00e8rement difficiles \u00e0 supporter pour les chiens, et notamment pour les teckels. Leur morphologie et leur proximit\u00e9 avec le sol les rendent plus sensibles aux temp\u00e9ratures \u00e9lev\u00e9es. Voici quelques gestes simples mais essentiels pour assurer leur bien-\u00eatre en \u00e9t\u00e9.\" \/>\n<meta property=\"og:url\" content=\"https:\/\/luciennelaparisienne.fr\/it\/2026\/03\/18\/comment-proteger-son-teckel-en-periode-de-forte-chaleur\/\" \/>\n<meta property=\"og:site_name\" content=\"Lucienne la Parisienne\" \/>\n<meta property=\"article:published_time\" content=\"2026-03-18T20:51:14+00:00\" \/>\n<meta property=\"article:modified_time\" content=\"2026-06-08T10:29:16+00:00\" \/>\n<meta property=\"og:image\" content=\"https:\/\/luciennelaparisienne.fr\/wp-content\/uploads\/2026\/03\/WhatsApp-Image-2026-06-04-at-12.00.19.jpg\" \/>\n\t<meta property=\"og:image:width\" content=\"1066\" \/>\n\t<meta property=\"og:image:height\" content=\"1018\" \/>\n\t<meta property=\"og:image:type\" content=\"image\/jpeg\" \/>\n<meta name=\"author\" content=\"admin\" \/>\n<meta name=\"twitter:card\" content=\"summary_large_image\" \/>\n<meta name=\"twitter:label1\" content=\"Scritto da\" \/>\n\t<meta name=\"twitter:data1\" content=\"admin\" \/>\n\t<meta name=\"twitter:label2\" content=\"Tempo di lettura stimato\" \/>\n\t<meta name=\"twitter:data2\" content=\"3 minuti\" \/>\n<script type=\"application\/ld+json\" class=\"yoast-schema-graph\">{\"@context\":\"https:\/\/schema.org\",\"@graph\":[{\"@type\":\"WebPage\",\"@id\":\"https:\/\/luciennelaparisienne.fr\/2026\/03\/18\/comment-proteger-son-teckel-en-periode-de-forte-chaleur\/\",\"url\":\"https:\/\/luciennelaparisienne.fr\/2026\/03\/18\/comment-proteger-son-teckel-en-periode-de-forte-chaleur\/\",\"name\":\"Comment prot\u00e9ger son teckel en p\u00e9riode de forte chaleur ? - Lucienne la Parisienne\",\"isPartOf\":{\"@id\":\"https:\/\/luciennelaparisienne.fr\/#website\"},\"primaryImageOfPage\":{\"@id\":\"https:\/\/luciennelaparisienne.fr\/2026\/03\/18\/comment-proteger-son-teckel-en-periode-de-forte-chaleur\/#primaryimage\"},\"image\":{\"@id\":\"https:\/\/luciennelaparisienne.fr\/2026\/03\/18\/comment-proteger-son-teckel-en-periode-de-forte-chaleur\/#primaryimage\"},\"thumbnailUrl\":\"https:\/\/luciennelaparisienne.fr\/wp-content\/uploads\/2026\/03\/WhatsApp-Image-2026-06-04-at-12.00.19.jpg\",\"datePublished\":\"2026-03-18T20:51:14+00:00\",\"dateModified\":\"2026-06-08T10:29:16+00:00\",\"author\":{\"@id\":\"https:\/\/luciennelaparisienne.fr\/#\/schema\/person\/3a0d1c8cc4514cc2ec018ba3f97390e1\"},\"description\":\"Les fortes chaleurs peuvent \u00eatre particuli\u00e8rement difficiles \u00e0 supporter pour les chiens, et notamment pour les teckels. Leur morphologie et leur proximit\u00e9 avec le sol les rendent plus sensibles aux temp\u00e9ratures \u00e9lev\u00e9es. Voici quelques gestes simples mais essentiels pour assurer leur bien-\u00eatre en \u00e9t\u00e9.\",\"breadcrumb\":{\"@id\":\"https:\/\/luciennelaparisienne.fr\/2026\/03\/18\/comment-proteger-son-teckel-en-periode-de-forte-chaleur\/#breadcrumb\"},\"inLanguage\":\"it-IT\",\"potentialAction\":[{\"@type\":\"ReadAction\",\"target\":[\"https:\/\/luciennelaparisienne.fr\/2026\/03\/18\/comment-proteger-son-teckel-en-periode-de-forte-chaleur\/\"]}]},{\"@type\":\"ImageObject\",\"inLanguage\":\"it-IT\",\"@id\":\"https:\/\/luciennelaparisienne.fr\/2026\/03\/18\/comment-proteger-son-teckel-en-periode-de-forte-chaleur\/#primaryimage\",\"url\":\"https:\/\/luciennelaparisienne.fr\/wp-content\/uploads\/2026\/03\/WhatsApp-Image-2026-06-04-at-12.00.19.jpg\",\"contentUrl\":\"https:\/\/luciennelaparisienne.fr\/wp-content\/uploads\/2026\/03\/WhatsApp-Image-2026-06-04-at-12.00.19.jpg\",\"width\":1066,\"height\":1018},{\"@type\":\"BreadcrumbList\",\"@id\":\"https:\/\/luciennelaparisienne.fr\/2026\/03\/18\/comment-proteger-son-teckel-en-periode-de-forte-chaleur\/#breadcrumb\",\"itemListElement\":[{\"@type\":\"ListItem\",\"position\":1,\"name\":\"Accueil\",\"item\":\"https:\/\/luciennelaparisienne.fr\/\"},{\"@type\":\"ListItem\",\"position\":2,\"name\":\"Comment prot\u00e9ger son teckel en p\u00e9riode de forte chaleur ?\"}]},{\"@type\":\"WebSite\",\"@id\":\"https:\/\/luciennelaparisienne.fr\/#website\",\"url\":\"https:\/\/luciennelaparisienne.fr\/\",\"name\":\"Lucienne la Parisienne\",\"description\":\"Produits pour Teckels\",\"potentialAction\":[{\"@type\":\"SearchAction\",\"target\":{\"@type\":\"EntryPoint\",\"urlTemplate\":\"https:\/\/luciennelaparisienne.fr\/?s={search_term_string}\"},\"query-input\":{\"@type\":\"PropertyValueSpecification\",\"valueRequired\":true,\"valueName\":\"search_term_string\"}}],\"inLanguage\":\"it-IT\"},{\"@type\":\"Person\",\"@id\":\"https:\/\/luciennelaparisienne.fr\/#\/schema\/person\/3a0d1c8cc4514cc2ec018ba3f97390e1\",\"name\":\"admin\",\"image\":{\"@type\":\"ImageObject\",\"inLanguage\":\"it-IT\",\"@id\":\"https:\/\/luciennelaparisienne.fr\/#\/schema\/person\/image\/\",\"url\":\"https:\/\/secure.gravatar.com\/avatar\/a4f2e3000c45d1b1c6c065bbb149387a1da948f7375ce58b0388241bc7de0944?s=96&d=mm&r=g\",\"contentUrl\":\"https:\/\/secure.gravatar.com\/avatar\/a4f2e3000c45d1b1c6c065bbb149387a1da948f7375ce58b0388241bc7de0944?s=96&d=mm&r=g\",\"caption\":\"admin\"},\"sameAs\":[\"https:\/\/luciennelaparisienne.fr\"],\"url\":\"https:\/\/luciennelaparisienne.fr\/it\/author\/admin\/\"}]}<\/script>\n<!-- \/ Yoast SEO plugin. -->","yoast_head_json":{"title":"Comment prot\u00e9ger son teckel en p\u00e9riode de forte chaleur ? - Lucienne la Parisienne","description":"Les fortes chaleurs peuvent \u00eatre particuli\u00e8rement difficiles \u00e0 supporter pour les chiens, et notamment pour les teckels. Leur morphologie et leur proximit\u00e9 avec le sol les rendent plus sensibles aux temp\u00e9ratures \u00e9lev\u00e9es. Voici quelques gestes simples mais essentiels pour assurer leur bien-\u00eatre en \u00e9t\u00e9.","robots":{"index":"index","follow":"follow","max-snippet":"max-snippet:-1","max-image-preview":"max-image-preview:large","max-video-preview":"max-video-preview:-1"},"canonical":"https:\/\/luciennelaparisienne.fr\/it\/2026\/03\/18\/comment-proteger-son-teckel-en-periode-de-forte-chaleur\/","og_locale":"it_IT","og_type":"article","og_title":"Comment prot\u00e9ger son teckel en p\u00e9riode de forte chaleur ? - Lucienne la Parisienne","og_description":"Les fortes chaleurs peuvent \u00eatre particuli\u00e8rement difficiles \u00e0 supporter pour les chiens, et notamment pour les teckels. Leur morphologie et leur proximit\u00e9 avec le sol les rendent plus sensibles aux temp\u00e9ratures \u00e9lev\u00e9es. Voici quelques gestes simples mais essentiels pour assurer leur bien-\u00eatre en \u00e9t\u00e9.","og_url":"https:\/\/luciennelaparisienne.fr\/it\/2026\/03\/18\/comment-proteger-son-teckel-en-periode-de-forte-chaleur\/","og_site_name":"Lucienne la Parisienne","article_published_time":"2026-03-18T20:51:14+00:00","article_modified_time":"2026-06-08T10:29:16+00:00","og_image":[{"width":1066,"height":1018,"url":"https:\/\/luciennelaparisienne.fr\/wp-content\/uploads\/2026\/03\/WhatsApp-Image-2026-06-04-at-12.00.19.jpg","type":"image\/jpeg"}],"author":"admin","twitter_card":"summary_large_image","twitter_misc":{"Scritto da":"admin","Tempo di lettura stimato":"3 minuti"},"schema":{"@context":"https:\/\/schema.org","@graph":[{"@type":"WebPage","@id":"https:\/\/luciennelaparisienne.fr\/2026\/03\/18\/comment-proteger-son-teckel-en-periode-de-forte-chaleur\/","url":"https:\/\/luciennelaparisienne.fr\/2026\/03\/18\/comment-proteger-son-teckel-en-periode-de-forte-chaleur\/","name":"Comment prot\u00e9ger son teckel en p\u00e9riode de forte chaleur ? - Lucienne la Parisienne","isPartOf":{"@id":"https:\/\/luciennelaparisienne.fr\/#website"},"primaryImageOfPage":{"@id":"https:\/\/luciennelaparisienne.fr\/2026\/03\/18\/comment-proteger-son-teckel-en-periode-de-forte-chaleur\/#primaryimage"},"image":{"@id":"https:\/\/luciennelaparisienne.fr\/2026\/03\/18\/comment-proteger-son-teckel-en-periode-de-forte-chaleur\/#primaryimage"},"thumbnailUrl":"https:\/\/luciennelaparisienne.fr\/wp-content\/uploads\/2026\/03\/WhatsApp-Image-2026-06-04-at-12.00.19.jpg","datePublished":"2026-03-18T20:51:14+00:00","dateModified":"2026-06-08T10:29:16+00:00","author":{"@id":"https:\/\/luciennelaparisienne.fr\/#\/schema\/person\/3a0d1c8cc4514cc2ec018ba3f97390e1"},"description":"Les fortes chaleurs peuvent \u00eatre particuli\u00e8rement difficiles \u00e0 supporter pour les chiens, et notamment pour les teckels. Leur morphologie et leur proximit\u00e9 avec le sol les rendent plus sensibles aux temp\u00e9ratures \u00e9lev\u00e9es. Voici quelques gestes simples mais essentiels pour assurer leur bien-\u00eatre en \u00e9t\u00e9.","breadcrumb":{"@id":"https:\/\/luciennelaparisienne.fr\/2026\/03\/18\/comment-proteger-son-teckel-en-periode-de-forte-chaleur\/#breadcrumb"},"inLanguage":"it-IT","potentialAction":[{"@type":"ReadAction","target":["https:\/\/luciennelaparisienne.fr\/2026\/03\/18\/comment-proteger-son-teckel-en-periode-de-forte-chaleur\/"]}]},{"@type":"ImageObject","inLanguage":"it-IT","@id":"https:\/\/luciennelaparisienne.fr\/2026\/03\/18\/comment-proteger-son-teckel-en-periode-de-forte-chaleur\/#primaryimage","url":"https:\/\/luciennelaparisienne.fr\/wp-content\/uploads\/2026\/03\/WhatsApp-Image-2026-06-04-at-12.00.19.jpg","contentUrl":"https:\/\/luciennelaparisienne.fr\/wp-content\/uploads\/2026\/03\/WhatsApp-Image-2026-06-04-at-12.00.19.jpg","width":1066,"height":1018},{"@type":"BreadcrumbList","@id":"https:\/\/luciennelaparisienne.fr\/2026\/03\/18\/comment-proteger-son-teckel-en-periode-de-forte-chaleur\/#breadcrumb","itemListElement":[{"@type":"ListItem","position":1,"name":"Accueil","item":"https:\/\/luciennelaparisienne.fr\/"},{"@type":"ListItem","position":2,"name":"Comment prot\u00e9ger son teckel en p\u00e9riode de forte chaleur ?"}]},{"@type":"WebSite","@id":"https:\/\/luciennelaparisienne.fr\/#website","url":"https:\/\/luciennelaparisienne.fr\/","name":"Lucienne la Parisienne","description":"Produits pour Teckels","potentialAction":[{"@type":"SearchAction","target":{"@type":"EntryPoint","urlTemplate":"https:\/\/luciennelaparisienne.fr\/?s={search_term_string}"},"query-input":{"@type":"PropertyValueSpecification","valueRequired":true,"valueName":"search_term_string"}}],"inLanguage":"it-IT"},{"@type":"Person","@id":"https:\/\/luciennelaparisienne.fr\/#\/schema\/person\/3a0d1c8cc4514cc2ec018ba3f97390e1","name":"admin","image":{"@type":"ImageObject","inLanguage":"it-IT","@id":"https:\/\/luciennelaparisienne.fr\/#\/schema\/person\/image\/","url":"https:\/\/secure.gravatar.com\/avatar\/a4f2e3000c45d1b1c6c065bbb149387a1da948f7375ce58b0388241bc7de0944?s=96&d=mm&r=g","contentUrl":"https:\/\/secure.gravatar.com\/avatar\/a4f2e3000c45d1b1c6c065bbb149387a1da948f7375ce58b0388241bc7de0944?s=96&d=mm&r=g","caption":"admin"},"sameAs":["https:\/\/luciennelaparisienne.fr"],"url":"https:\/\/luciennelaparisienne.fr\/it\/author\/admin\/"}]}},"_links":{"self":[{"href":"https:\/\/luciennelaparisienne.fr\/it\/wp-json\/wp\/v2\/posts\/16927","targetHints":{"allow":["GET"]}}],"collection":[{"href":"https:\/\/luciennelaparisienne.fr\/it\/wp-json\/wp\/v2\/posts"}],"about":[{"href":"https:\/\/luciennelaparisienne.fr\/it\/wp-json\/wp\/v2\/types\/post"}],"author":[{"embeddable":true,"href":"https:\/\/luciennelaparisienne.fr\/it\/wp-json\/wp\/v2\/users\/1"}],"replies":[{"embeddable":true,"href":"https:\/\/luciennelaparisienne.fr\/it\/wp-json\/wp\/v2\/comments?post=16927"}],"version-history":[{"count":17,"href":"https:\/\/luciennelaparisienne.fr\/it\/wp-json\/wp\/v2\/posts\/16927\/revisions"}],"predecessor-version":[{"id":17777,"href":"https:\/\/luciennelaparisienne.fr\/it\/wp-json\/wp\/v2\/posts\/16927\/revisions\/17777"}],"wp:featuredmedia":[{"embeddable":true,"href":"https:\/\/luciennelaparisienne.fr\/it\/wp-json\/wp\/v2\/media\/17910"}],"wp:attachment":[{"href":"https:\/\/luciennelaparisienne.fr\/it\/wp-json\/wp\/v2\/media?parent=16927"}],"wp:term":[{"taxonomy":"category","embeddable":true,"href":"https:\/\/luciennelaparisienne.fr\/it\/wp-json\/wp\/v2\/categories?post=16927"},{"taxonomy":"post_tag","embeddable":true,"href":"https:\/\/luciennelaparisienne.fr\/it\/wp-json\/wp\/v2\/tags?post=16927"}],"curies":[{"name":"wp","href":"https:\/\/api.w.org\/{rel}","templated":true}]}}