{"id":17667,"date":"2026-06-03T11:12:52","date_gmt":"2026-06-03T09:12:52","guid":{"rendered":"https:\/\/luciennelaparisienne.fr\/?p=17667"},"modified":"2026-06-03T11:12:52","modified_gmt":"2026-06-03T09:12:52","slug":"la-marche-des-teckels-lilloise","status":"publish","type":"post","link":"https:\/\/luciennelaparisienne.fr\/it\/2026\/06\/03\/la-marche-des-teckels-lilloise\/","title":{"rendered":"La marcia dei bassotti di Lille"},"content":{"rendered":"<p><strong>Eravamo alla\u00a0<em>Marche des Teckels<\/em> di Lille ed \u00e8 stata un'esperienza indimenticabile!\u00a0<\/strong><\/p>\n<p><em>Quasi un migliaio di bassotti hanno invaso le strade di Lille. Vi raccontiamo tutto.<\/em><\/p>\n<p>Ci sono delle domeniche che iniziano come tutte le altre e finiscono in un vero e proprio tsunami di zampette, orecchie lunghe e costumi stravaganti. Questa domenica 26 aprile a Lille \u00e8 successo proprio questo. Siamo arrivate con Lucienne e Vicky, i nostri due bassotti protagonisti del marchio, e siamo ripartite con le tasche piene di ricordi.<\/p>\n<p><strong><img loading=\"lazy\" decoding=\"async\" class=\"alignnone wp-image-17845\" src=\"https:\/\/luciennelaparisienne.fr\/wp-content\/uploads\/2026\/05\/image-blog-marche-des-teckels-lilloise-1--300x143.jpeg\" alt=\"\" width=\"386\" height=\"184\" srcset=\"https:\/\/luciennelaparisienne.fr\/wp-content\/uploads\/2026\/05\/image-blog-marche-des-teckels-lilloise-1--300x143.jpeg 300w, https:\/\/luciennelaparisienne.fr\/wp-content\/uploads\/2026\/05\/image-blog-marche-des-teckels-lilloise-1--1024x489.jpeg 1024w, https:\/\/luciennelaparisienne.fr\/wp-content\/uploads\/2026\/05\/image-blog-marche-des-teckels-lilloise-1--768x367.jpeg 768w, https:\/\/luciennelaparisienne.fr\/wp-content\/uploads\/2026\/05\/image-blog-marche-des-teckels-lilloise-1--18x9.jpeg 18w, https:\/\/luciennelaparisienne.fr\/wp-content\/uploads\/2026\/05\/image-blog-marche-des-teckels-lilloise-1--150x72.jpeg 150w, https:\/\/luciennelaparisienne.fr\/wp-content\/uploads\/2026\/05\/image-blog-marche-des-teckels-lilloise-1--600x287.jpeg 600w, https:\/\/luciennelaparisienne.fr\/wp-content\/uploads\/2026\/05\/image-blog-marche-des-teckels-lilloise-1--900x430.jpeg 900w, https:\/\/luciennelaparisienne.fr\/wp-content\/uploads\/2026\/05\/image-blog-marche-des-teckels-lilloise-1-.jpeg 1287w\" sizes=\"auto, (max-width: 386px) 100vw, 386px\" \/><\/strong><\/p>\n<p><strong>La Marche des Teckels de Lille \u2013 l\u2019appuntamento da non perdere! <\/strong><\/p>\n<p>Per chi non conoscesse l\u2019evento: la \u201cMarcia dei Dachshund di Lille\u201d \u00e8 gi\u00e0 giunta alla sua terza edizione ed \u00e8 un evento unico nel suo genere. Il concetto? Centinaia di proprietari di dachshund che si ritrovano in Place de la R\u00e9publique a Lille per passeggiare insieme per le strade della citt\u00e0. Gratuita, festosa e piena di vita, quest\u2019anno l\u2019iniziativa ha visto la partecipazione di quasi un migliaio di dachshund.<\/p>\n<p><img loading=\"lazy\" decoding=\"async\" class=\"alignnone wp-image-17848\" src=\"https:\/\/luciennelaparisienne.fr\/wp-content\/uploads\/2026\/06\/image-blog-marche-des-teckels-lilloise-4--300x169.jpeg\" alt=\"\" width=\"370\" height=\"208\" srcset=\"https:\/\/luciennelaparisienne.fr\/wp-content\/uploads\/2026\/06\/image-blog-marche-des-teckels-lilloise-4--300x169.jpeg 300w, https:\/\/luciennelaparisienne.fr\/wp-content\/uploads\/2026\/06\/image-blog-marche-des-teckels-lilloise-4--1024x575.jpeg 1024w, https:\/\/luciennelaparisienne.fr\/wp-content\/uploads\/2026\/06\/image-blog-marche-des-teckels-lilloise-4--768x432.jpeg 768w, https:\/\/luciennelaparisienne.fr\/wp-content\/uploads\/2026\/06\/image-blog-marche-des-teckels-lilloise-4--1536x863.jpeg 1536w, https:\/\/luciennelaparisienne.fr\/wp-content\/uploads\/2026\/06\/image-blog-marche-des-teckels-lilloise-4--18x10.jpeg 18w, https:\/\/luciennelaparisienne.fr\/wp-content\/uploads\/2026\/06\/image-blog-marche-des-teckels-lilloise-4--150x84.jpeg 150w, https:\/\/luciennelaparisienne.fr\/wp-content\/uploads\/2026\/06\/image-blog-marche-des-teckels-lilloise-4--600x337.jpeg 600w, https:\/\/luciennelaparisienne.fr\/wp-content\/uploads\/2026\/06\/image-blog-marche-des-teckels-lilloise-4--900x506.jpeg 900w, https:\/\/luciennelaparisienne.fr\/wp-content\/uploads\/2026\/06\/image-blog-marche-des-teckels-lilloise-4-.jpeg 1600w\" sizes=\"auto, (max-width: 370px) 100vw, 370px\" \/><br \/>\nUn enorme grazie agli organizzatori \u2013 Louis Hubners, Elise e Florence \u2013 per questa organizzazione assolutamente perfetta! Grazie anche a tutti gli altri sponsor presenti per il loro impegno e la loro fantastica energia!<br \/>\nQuesta marcia aveva un obiettivo che ci sta particolarmente a cuore: sostenere l\u2019associazione SAFE Lille (Secours aux Animaux de la Faune Environnante de Lille).<\/p>\n<p><strong>Le nostre bandane Lucienne la Parisienne: un successo che non ci aspettavamo!<\/strong><strong>\u00a0<\/strong><\/p>\n<p>\u00c8 proprio in occasione di questa marcia dei bassotti che, per la prima volta, Lucienne la parisienne \u00e8 diventata sponsor di un evento dedicato ai bassotti. Ai partecipanti sono state regalate delle bandane con i tre loghi: Lucienne la parisienne, Marche des teckels lilloise e l\u2019associazione SAFE Lille.<\/p>\n<p><strong><img loading=\"lazy\" decoding=\"async\" class=\"alignnone wp-image-17847\" src=\"https:\/\/luciennelaparisienne.fr\/wp-content\/uploads\/2026\/06\/image-blog-marche-des-teckels-lilloise-3--300x225.jpeg\" alt=\"\" width=\"343\" height=\"257\" srcset=\"https:\/\/luciennelaparisienne.fr\/wp-content\/uploads\/2026\/06\/image-blog-marche-des-teckels-lilloise-3--300x225.jpeg 300w, https:\/\/luciennelaparisienne.fr\/wp-content\/uploads\/2026\/06\/image-blog-marche-des-teckels-lilloise-3--1024x768.jpeg 1024w, https:\/\/luciennelaparisienne.fr\/wp-content\/uploads\/2026\/06\/image-blog-marche-des-teckels-lilloise-3--768x576.jpeg 768w, https:\/\/luciennelaparisienne.fr\/wp-content\/uploads\/2026\/06\/image-blog-marche-des-teckels-lilloise-3--1536x1152.jpeg 1536w, https:\/\/luciennelaparisienne.fr\/wp-content\/uploads\/2026\/06\/image-blog-marche-des-teckels-lilloise-3--16x12.jpeg 16w, https:\/\/luciennelaparisienne.fr\/wp-content\/uploads\/2026\/06\/image-blog-marche-des-teckels-lilloise-3--150x113.jpeg 150w, https:\/\/luciennelaparisienne.fr\/wp-content\/uploads\/2026\/06\/image-blog-marche-des-teckels-lilloise-3--600x450.jpeg 600w, https:\/\/luciennelaparisienne.fr\/wp-content\/uploads\/2026\/06\/image-blog-marche-des-teckels-lilloise-3--900x675.jpeg 900w, https:\/\/luciennelaparisienne.fr\/wp-content\/uploads\/2026\/06\/image-blog-marche-des-teckels-lilloise-3-.jpeg 1600w\" sizes=\"auto, (max-width: 343px) 100vw, 343px\" \/><\/strong><\/p>\n<p>Appena arrivati al punto di ritrovo, la gente si \u00e8 letteralmente precipitata verso di noi. La fama delle bandane aveva evidentemente preceduto il nostro arrivo! In pochi minuti, si \u00e8 formata una piccola folla di proprietari attorno a Lucienne, Vicky e a noi. Ognuno voleva tornare a casa con quel piccolo accessorio colorato al collo del proprio bassotto. Abbiamo distribuito, distribuito, sorriso, scattato foto e continuato a distribuire\u2026<\/p>\n<p>Vedere cos\u00ec tanti bassotti passeggiare per le strade di Lille con le nostre creazioni \u00e8 stato un momento magico che non ci aspettavamo di vivere con tanta intensit\u00e0. Siamo stati felicissimi di incontrare di persona i nostri follower e siamo ripartiti con il cuore colmo di emozione.<\/p>\n<p><strong>L'intervista a sorpresa di Ici \u2013 un momento inaspettato!\u00a0<\/strong><\/p>\n<p><strong><img loading=\"lazy\" decoding=\"async\" class=\"alignnone wp-image-17846\" src=\"https:\/\/luciennelaparisienne.fr\/wp-content\/uploads\/2026\/06\/image-blog-marche-des-teckels-lilloise-2--300x138.jpeg\" alt=\"\" width=\"411\" height=\"189\" srcset=\"https:\/\/luciennelaparisienne.fr\/wp-content\/uploads\/2026\/06\/image-blog-marche-des-teckels-lilloise-2--300x138.jpeg 300w, https:\/\/luciennelaparisienne.fr\/wp-content\/uploads\/2026\/06\/image-blog-marche-des-teckels-lilloise-2--1024x472.jpeg 1024w, https:\/\/luciennelaparisienne.fr\/wp-content\/uploads\/2026\/06\/image-blog-marche-des-teckels-lilloise-2--768x354.jpeg 768w, https:\/\/luciennelaparisienne.fr\/wp-content\/uploads\/2026\/06\/image-blog-marche-des-teckels-lilloise-2--18x8.jpeg 18w, https:\/\/luciennelaparisienne.fr\/wp-content\/uploads\/2026\/06\/image-blog-marche-des-teckels-lilloise-2--150x69.jpeg 150w, https:\/\/luciennelaparisienne.fr\/wp-content\/uploads\/2026\/06\/image-blog-marche-des-teckels-lilloise-2--600x277.jpeg 600w, https:\/\/luciennelaparisienne.fr\/wp-content\/uploads\/2026\/06\/image-blog-marche-des-teckels-lilloise-2--900x415.jpeg 900w, https:\/\/luciennelaparisienne.fr\/wp-content\/uploads\/2026\/06\/image-blog-marche-des-teckels-lilloise-2-.jpeg 1290w\" sizes=\"auto, (max-width: 411px) 100vw, 411px\" \/><\/strong><\/p>\n<p>La giornata era gi\u00e0 stata piuttosto intensa quando, al punto di ritrovo, poco prima della partenza della marcia, il canale televisivo \u201cIci\u201d ha avvicinato Viktoriya per un\u2019intervista. Nessuna preparazione, nessun copione, solo una conversazione spontanea sul marchio, sulla nostra presenza, su ci\u00f2 che i bassotti rappresentano per noi. \u00c8 una di quelle cose che non ci si aspetta e che finiscono per lasciare il segno nella giornata.<\/p>\n<p><span style=\"font-size: 12pt;\"><strong>Conclusione di questo magnifico evento!\u00a0<\/strong><\/span><\/p>\n<p class=\"isSelectedEnd\">Questa giornata rimarr\u00e0 impressa nei nostri ricordi. Tra gli incontri con la nostra comunit\u00e0, le centinaia di bassotti incontrati per le strade di Lille, i sorrisi, le chiacchierate e i momenti di condivisione, questa terza edizione della Marcia dei Bassotti di Lille \u00e8 stata un vero successo.<\/p>\n<p class=\"isSelectedEnd\">Siamo sempre felici di partecipare e sostenere eventi che riuniscono gli amanti dei bassotti attorno a una stessa passione. Questi momenti ci ricordano perch\u00e9 abbiamo creato Lucienne la Parisienne: per celebrare questi cani straordinari e la comunit\u00e0 unica che li circonda.<\/p>\n<p>Un enorme grazie agli organizzatori, ai volontari, ai partecipanti e a tutti coloro che sono venuti a trovarci. Non vediamo l\u2019ora di vivere la prossima edizione e di continuare a condividere con voi il nostro amore per i bassotti.<\/p>","protected":false},"excerpt":{"rendered":"<p>On \u00e9tait \u00e0 la\u00a0Marche des Teckels de Lille et c&rsquo;\u00e9tait inoubliable !\u00a0 Pr\u00e8s d&rsquo;un millier de teckels ont envahi les rues de Lille. On vous raconte tout. Il y a des dimanches qui commencent comme les autres et finissent dans un tsunami de petites pattes, de longues oreilles et de [&hellip;]<\/p>","protected":false},"author":2,"featured_media":17671,"comment_status":"open","ping_status":"open","sticky":false,"template":"","format":"standard","meta":{"inline_featured_image":false,"footnotes":""},"categories":[1],"tags":[],"class_list":["post-17667","post","type-post","status-publish","format-standard","has-post-thumbnail","hentry","category-non-classe"],"yoast_head":"<!-- This site is optimized with the Yoast SEO plugin v26.6 - https:\/\/yoast.com\/wordpress\/plugins\/seo\/ -->\n<title>La marche des Teckels Lilloise - Lucienne la Parisienne<\/title>\n<meta name=\"robots\" content=\"index, follow, max-snippet:-1, max-image-preview:large, max-video-preview:-1\" \/>\n<link rel=\"canonical\" href=\"https:\/\/luciennelaparisienne.fr\/it\/2026\/06\/03\/la-marche-des-teckels-lilloise\/\" \/>\n<meta property=\"og:locale\" content=\"it_IT\" \/>\n<meta property=\"og:type\" content=\"article\" \/>\n<meta property=\"og:title\" content=\"La marche des Teckels Lilloise - Lucienne la Parisienne\" \/>\n<meta property=\"og:description\" content=\"On \u00e9tait \u00e0 la\u00a0Marche des Teckels de Lille et c&rsquo;\u00e9tait inoubliable !\u00a0 Pr\u00e8s d&rsquo;un millier de teckels ont envahi les rues de Lille. On vous raconte tout. Il y a des dimanches qui commencent comme les autres et finissent dans un tsunami de petites pattes, de longues oreilles et de [&hellip;]\" \/>\n<meta property=\"og:url\" content=\"https:\/\/luciennelaparisienne.fr\/it\/2026\/06\/03\/la-marche-des-teckels-lilloise\/\" \/>\n<meta property=\"og:site_name\" content=\"Lucienne la Parisienne\" \/>\n<meta property=\"article:published_time\" content=\"2026-06-03T09:12:52+00:00\" \/>\n<meta property=\"og:image\" content=\"https:\/\/luciennelaparisienne.fr\/wp-content\/uploads\/2026\/05\/Design-sans-titre-1024x576.png\" \/>\n\t<meta property=\"og:image:width\" content=\"1024\" \/>\n\t<meta property=\"og:image:height\" content=\"576\" \/>\n\t<meta property=\"og:image:type\" content=\"image\/png\" \/>\n<meta name=\"author\" content=\"Lucienne la Parisienne\" \/>\n<meta name=\"twitter:card\" content=\"summary_large_image\" \/>\n<meta name=\"twitter:label1\" content=\"Scritto da\" \/>\n\t<meta name=\"twitter:data1\" content=\"Lucienne la Parisienne\" \/>\n\t<meta name=\"twitter:label2\" content=\"Tempo di lettura stimato\" \/>\n\t<meta name=\"twitter:data2\" content=\"5 minuti\" \/>\n<script type=\"application\/ld+json\" class=\"yoast-schema-graph\">{\"@context\":\"https:\/\/schema.org\",\"@graph\":[{\"@type\":\"WebPage\",\"@id\":\"https:\/\/luciennelaparisienne.fr\/2026\/06\/03\/la-marche-des-teckels-lilloise\/\",\"url\":\"https:\/\/luciennelaparisienne.fr\/2026\/06\/03\/la-marche-des-teckels-lilloise\/\",\"name\":\"La marche des Teckels Lilloise - Lucienne la Parisienne\",\"isPartOf\":{\"@id\":\"https:\/\/luciennelaparisienne.fr\/#website\"},\"primaryImageOfPage\":{\"@id\":\"https:\/\/luciennelaparisienne.fr\/2026\/06\/03\/la-marche-des-teckels-lilloise\/#primaryimage\"},\"image\":{\"@id\":\"https:\/\/luciennelaparisienne.fr\/2026\/06\/03\/la-marche-des-teckels-lilloise\/#primaryimage\"},\"thumbnailUrl\":\"https:\/\/luciennelaparisienne.fr\/wp-content\/uploads\/2026\/05\/Design-sans-titre.png\",\"datePublished\":\"2026-06-03T09:12:52+00:00\",\"author\":{\"@id\":\"https:\/\/luciennelaparisienne.fr\/#\/schema\/person\/046fd018e5f6a76c78aceebbedf495ae\"},\"breadcrumb\":{\"@id\":\"https:\/\/luciennelaparisienne.fr\/2026\/06\/03\/la-marche-des-teckels-lilloise\/#breadcrumb\"},\"inLanguage\":\"it-IT\",\"potentialAction\":[{\"@type\":\"ReadAction\",\"target\":[\"https:\/\/luciennelaparisienne.fr\/2026\/06\/03\/la-marche-des-teckels-lilloise\/\"]}]},{\"@type\":\"ImageObject\",\"inLanguage\":\"it-IT\",\"@id\":\"https:\/\/luciennelaparisienne.fr\/2026\/06\/03\/la-marche-des-teckels-lilloise\/#primaryimage\",\"url\":\"https:\/\/luciennelaparisienne.fr\/wp-content\/uploads\/2026\/05\/Design-sans-titre.png\",\"contentUrl\":\"https:\/\/luciennelaparisienne.fr\/wp-content\/uploads\/2026\/05\/Design-sans-titre.png\",\"width\":1366,\"height\":768},{\"@type\":\"BreadcrumbList\",\"@id\":\"https:\/\/luciennelaparisienne.fr\/2026\/06\/03\/la-marche-des-teckels-lilloise\/#breadcrumb\",\"itemListElement\":[{\"@type\":\"ListItem\",\"position\":1,\"name\":\"Accueil\",\"item\":\"https:\/\/luciennelaparisienne.fr\/\"},{\"@type\":\"ListItem\",\"position\":2,\"name\":\"La marche des Teckels Lilloise\"}]},{\"@type\":\"WebSite\",\"@id\":\"https:\/\/luciennelaparisienne.fr\/#website\",\"url\":\"https:\/\/luciennelaparisienne.fr\/\",\"name\":\"Lucienne la Parisienne\",\"description\":\"Produits pour Teckels\",\"potentialAction\":[{\"@type\":\"SearchAction\",\"target\":{\"@type\":\"EntryPoint\",\"urlTemplate\":\"https:\/\/luciennelaparisienne.fr\/?s={search_term_string}\"},\"query-input\":{\"@type\":\"PropertyValueSpecification\",\"valueRequired\":true,\"valueName\":\"search_term_string\"}}],\"inLanguage\":\"it-IT\"},{\"@type\":\"Person\",\"@id\":\"https:\/\/luciennelaparisienne.fr\/#\/schema\/person\/046fd018e5f6a76c78aceebbedf495ae\",\"name\":\"Lucienne la Parisienne\",\"image\":{\"@type\":\"ImageObject\",\"inLanguage\":\"it-IT\",\"@id\":\"https:\/\/luciennelaparisienne.fr\/#\/schema\/person\/image\/\",\"url\":\"https:\/\/secure.gravatar.com\/avatar\/a7830551dda38b7cd57221f92197c1cbbb429d243c3411a52cbe9b7dfb1f955c?s=96&d=mm&r=g\",\"contentUrl\":\"https:\/\/secure.gravatar.com\/avatar\/a7830551dda38b7cd57221f92197c1cbbb429d243c3411a52cbe9b7dfb1f955c?s=96&d=mm&r=g\",\"caption\":\"Lucienne la Parisienne\"},\"url\":\"https:\/\/luciennelaparisienne.fr\/it\/author\/admin_user\/\"}]}<\/script>\n<!-- \/ Yoast SEO plugin. -->","yoast_head_json":{"title":"La marche des Teckels Lilloise - Lucienne la Parisienne","robots":{"index":"index","follow":"follow","max-snippet":"max-snippet:-1","max-image-preview":"max-image-preview:large","max-video-preview":"max-video-preview:-1"},"canonical":"https:\/\/luciennelaparisienne.fr\/it\/2026\/06\/03\/la-marche-des-teckels-lilloise\/","og_locale":"it_IT","og_type":"article","og_title":"La marche des Teckels Lilloise - Lucienne la Parisienne","og_description":"On \u00e9tait \u00e0 la\u00a0Marche des Teckels de Lille et c&rsquo;\u00e9tait inoubliable !\u00a0 Pr\u00e8s d&rsquo;un millier de teckels ont envahi les rues de Lille. On vous raconte tout. Il y a des dimanches qui commencent comme les autres et finissent dans un tsunami de petites pattes, de longues oreilles et de [&hellip;]","og_url":"https:\/\/luciennelaparisienne.fr\/it\/2026\/06\/03\/la-marche-des-teckels-lilloise\/","og_site_name":"Lucienne la Parisienne","article_published_time":"2026-06-03T09:12:52+00:00","og_image":[{"width":1024,"height":576,"url":"https:\/\/luciennelaparisienne.fr\/wp-content\/uploads\/2026\/05\/Design-sans-titre-1024x576.png","type":"image\/png"}],"author":"Lucienne la Parisienne","twitter_card":"summary_large_image","twitter_misc":{"Scritto da":"Lucienne la Parisienne","Tempo di lettura stimato":"5 minuti"},"schema":{"@context":"https:\/\/schema.org","@graph":[{"@type":"WebPage","@id":"https:\/\/luciennelaparisienne.fr\/2026\/06\/03\/la-marche-des-teckels-lilloise\/","url":"https:\/\/luciennelaparisienne.fr\/2026\/06\/03\/la-marche-des-teckels-lilloise\/","name":"La marche des Teckels Lilloise - Lucienne la Parisienne","isPartOf":{"@id":"https:\/\/luciennelaparisienne.fr\/#website"},"primaryImageOfPage":{"@id":"https:\/\/luciennelaparisienne.fr\/2026\/06\/03\/la-marche-des-teckels-lilloise\/#primaryimage"},"image":{"@id":"https:\/\/luciennelaparisienne.fr\/2026\/06\/03\/la-marche-des-teckels-lilloise\/#primaryimage"},"thumbnailUrl":"https:\/\/luciennelaparisienne.fr\/wp-content\/uploads\/2026\/05\/Design-sans-titre.png","datePublished":"2026-06-03T09:12:52+00:00","author":{"@id":"https:\/\/luciennelaparisienne.fr\/#\/schema\/person\/046fd018e5f6a76c78aceebbedf495ae"},"breadcrumb":{"@id":"https:\/\/luciennelaparisienne.fr\/2026\/06\/03\/la-marche-des-teckels-lilloise\/#breadcrumb"},"inLanguage":"it-IT","potentialAction":[{"@type":"ReadAction","target":["https:\/\/luciennelaparisienne.fr\/2026\/06\/03\/la-marche-des-teckels-lilloise\/"]}]},{"@type":"ImageObject","inLanguage":"it-IT","@id":"https:\/\/luciennelaparisienne.fr\/2026\/06\/03\/la-marche-des-teckels-lilloise\/#primaryimage","url":"https:\/\/luciennelaparisienne.fr\/wp-content\/uploads\/2026\/05\/Design-sans-titre.png","contentUrl":"https:\/\/luciennelaparisienne.fr\/wp-content\/uploads\/2026\/05\/Design-sans-titre.png","width":1366,"height":768},{"@type":"BreadcrumbList","@id":"https:\/\/luciennelaparisienne.fr\/2026\/06\/03\/la-marche-des-teckels-lilloise\/#breadcrumb","itemListElement":[{"@type":"ListItem","position":1,"name":"Accueil","item":"https:\/\/luciennelaparisienne.fr\/"},{"@type":"ListItem","position":2,"name":"La marche des Teckels Lilloise"}]},{"@type":"WebSite","@id":"https:\/\/luciennelaparisienne.fr\/#website","url":"https:\/\/luciennelaparisienne.fr\/","name":"Lucienne la Parisienne","description":"Produits pour Teckels","potentialAction":[{"@type":"SearchAction","target":{"@type":"EntryPoint","urlTemplate":"https:\/\/luciennelaparisienne.fr\/?s={search_term_string}"},"query-input":{"@type":"PropertyValueSpecification","valueRequired":true,"valueName":"search_term_string"}}],"inLanguage":"it-IT"},{"@type":"Person","@id":"https:\/\/luciennelaparisienne.fr\/#\/schema\/person\/046fd018e5f6a76c78aceebbedf495ae","name":"Lucienne la Parisienne","image":{"@type":"ImageObject","inLanguage":"it-IT","@id":"https:\/\/luciennelaparisienne.fr\/#\/schema\/person\/image\/","url":"https:\/\/secure.gravatar.com\/avatar\/a7830551dda38b7cd57221f92197c1cbbb429d243c3411a52cbe9b7dfb1f955c?s=96&d=mm&r=g","contentUrl":"https:\/\/secure.gravatar.com\/avatar\/a7830551dda38b7cd57221f92197c1cbbb429d243c3411a52cbe9b7dfb1f955c?s=96&d=mm&r=g","caption":"Lucienne la Parisienne"},"url":"https:\/\/luciennelaparisienne.fr\/it\/author\/admin_user\/"}]}},"_links":{"self":[{"href":"https:\/\/luciennelaparisienne.fr\/it\/wp-json\/wp\/v2\/posts\/17667","targetHints":{"allow":["GET"]}}],"collection":[{"href":"https:\/\/luciennelaparisienne.fr\/it\/wp-json\/wp\/v2\/posts"}],"about":[{"href":"https:\/\/luciennelaparisienne.fr\/it\/wp-json\/wp\/v2\/types\/post"}],"author":[{"embeddable":true,"href":"https:\/\/luciennelaparisienne.fr\/it\/wp-json\/wp\/v2\/users\/2"}],"replies":[{"embeddable":true,"href":"https:\/\/luciennelaparisienne.fr\/it\/wp-json\/wp\/v2\/comments?post=17667"}],"version-history":[{"count":8,"href":"https:\/\/luciennelaparisienne.fr\/it\/wp-json\/wp\/v2\/posts\/17667\/revisions"}],"predecessor-version":[{"id":17857,"href":"https:\/\/luciennelaparisienne.fr\/it\/wp-json\/wp\/v2\/posts\/17667\/revisions\/17857"}],"wp:featuredmedia":[{"embeddable":true,"href":"https:\/\/luciennelaparisienne.fr\/it\/wp-json\/wp\/v2\/media\/17671"}],"wp:attachment":[{"href":"https:\/\/luciennelaparisienne.fr\/it\/wp-json\/wp\/v2\/media?parent=17667"}],"wp:term":[{"taxonomy":"category","embeddable":true,"href":"https:\/\/luciennelaparisienne.fr\/it\/wp-json\/wp\/v2\/categories?post=17667"},{"taxonomy":"post_tag","embeddable":true,"href":"https:\/\/luciennelaparisienne.fr\/it\/wp-json\/wp\/v2\/tags?post=17667"}],"curies":[{"name":"wp","href":"https:\/\/api.w.org\/{rel}","templated":true}]}}