{"id":17703,"date":"2026-06-04T12:18:10","date_gmt":"2026-06-04T10:18:10","guid":{"rendered":"https:\/\/luciennelaparisienne.fr\/?p=17703"},"modified":"2026-06-10T17:36:38","modified_gmt":"2026-06-10T15:36:38","slug":"hernie-discale-chez-le-teckel","status":"publish","type":"post","link":"https:\/\/luciennelaparisienne.fr\/it\/2026\/06\/04\/hernie-discale-chez-le-teckel\/","title":{"rendered":"Ernia discale nel bassotto"},"content":{"rendered":"<p><strong>Ernia discale nel bassotto: comprendere i rischi e adottare le misure giuste<\/strong><br \/>\nL'ernia discale \u00e8 probabilmente una delle maggiori preoccupazioni dei proprietari di bassotti. E a ragione: questa razza \u00e8 naturalmente predisposta a questo problema a causa della sua particolare morfologia, caratterizzata da un dorso lungo e zampe corte.<br \/>\nMa \u00e8 importante ricordare una cosa: avere un bassotto non significa necessariamente che svilupper\u00e0 un'ernia discale. D'altra parte, \u00e8 necessario conoscere i punti deboli della razza e adottare buone abitudini quotidiane per limitare al massimo i rischi.<\/p>\n<p><strong>Che cos\u2019\u00e8 un\u2019ernia discale?\u00a0<\/strong><br \/>\nLa colonna vertebrale \u00e8 composta da diverse ossa chiamate vertebre. Tra ogni vertebra si trova un disco che funge da ammortizzatore e aiuta la schiena a rimanere flessibile. Si verifica un\u2019ernia discale quando uno di questi dischi si danneggia o si deforma. Una parte del disco pu\u00f2 quindi fuoriuscire dalla sua posizione normale e esercitare pressione sui nervi situati nelle vicinanze. Questa pressione sui nervi pu\u00f2 causare dolore, perdita di sensibilit\u00e0, difficolt\u00e0 a camminare o debolezza in alcuni arti, fino alla paralisi completa.<strong><img loading=\"lazy\" decoding=\"async\" class=\"alignnone wp-image-17875\" src=\"https:\/\/luciennelaparisienne.fr\/wp-content\/uploads\/2026\/06\/ChatGPT-Image-4-juin-2026-11_06_10-300x200.png\" alt=\"\" width=\"550\" height=\"367\" srcset=\"https:\/\/luciennelaparisienne.fr\/wp-content\/uploads\/2026\/06\/ChatGPT-Image-4-juin-2026-11_06_10-300x200.png 300w, https:\/\/luciennelaparisienne.fr\/wp-content\/uploads\/2026\/06\/ChatGPT-Image-4-juin-2026-11_06_10-1024x683.png 1024w, https:\/\/luciennelaparisienne.fr\/wp-content\/uploads\/2026\/06\/ChatGPT-Image-4-juin-2026-11_06_10-768x512.png 768w, https:\/\/luciennelaparisienne.fr\/wp-content\/uploads\/2026\/06\/ChatGPT-Image-4-juin-2026-11_06_10-18x12.png 18w, https:\/\/luciennelaparisienne.fr\/wp-content\/uploads\/2026\/06\/ChatGPT-Image-4-juin-2026-11_06_10-150x100.png 150w, https:\/\/luciennelaparisienne.fr\/wp-content\/uploads\/2026\/06\/ChatGPT-Image-4-juin-2026-11_06_10-600x400.png 600w, https:\/\/luciennelaparisienne.fr\/wp-content\/uploads\/2026\/06\/ChatGPT-Image-4-juin-2026-11_06_10-900x600.png 900w, https:\/\/luciennelaparisienne.fr\/wp-content\/uploads\/2026\/06\/ChatGPT-Image-4-juin-2026-11_06_10.png 1536w\" sizes=\"auto, (max-width: 550px) 100vw, 550px\" \/><\/strong><\/p>\n<p><strong>Perch\u00e9 il bassotto \u00e8 pi\u00f9 soggetto alle ernie discali?<\/strong><br \/>\nNel bassotto, l'ernia discale \u00e8 particolarmente frequente a causa della sua morfologia: ha la schiena lunga e le zampe corte, il che esercita una maggiore pressione sulla colonna vertebrale. Ecco perch\u00e9 \u00e8 importante conoscere questa patologia e adottare le giuste precauzioni nella vita quotidiana per ridurne i rischi.<br \/>\nAlcuni fattori aumentano ulteriormente i rischi:<\/p>\n<ul>\n<li>il sovrappeso<\/li>\n<li>la mancanza di attivit\u00e0 fisica<\/li>\n<li>i salti ripetuti<\/li>\n<li>sforzi troppo intensi<\/li>\n<li>un trasporto non adeguato (manipolazione errata o borsa troppo morbida)<\/li>\n<\/ul>\n<p><strong>Cosa si pu\u00f2 fare per ridurre il rischio che il proprio bassotto sviluppi un'ernia discale?\u00a0<\/strong><br \/>\n<span style=\"font-weight: 400;\">Sebbene non sia possibile eliminare completamente il rischio di ernia discale nei bassotti, alcune buone abitudini possono aiutare a proteggere la loro colonna vertebrale nella vita di tutti i giorni.<\/span><\/p>\n<p><strong>Mantenere il peso ideale <\/strong><br \/>\n<span style=\"font-weight: 400;\">Il sovrappeso \u00e8 uno dei principali fattori di rischio. Qualche chilo in<\/span>\u00a0aumentano eccessivamente la pressione esercitata sulla schiena e sui dischi intervertebrali. Un\u2019alimentazione equilibrata e un\u2019attivit\u00e0 fisica regolare sono fondamentali per mantenere in salute il vostro bassotto.<br \/>\n<span style=\"font-weight: 400;\"><img loading=\"lazy\" decoding=\"async\" class=\"alignnone size-medium wp-image-17883\" src=\"https:\/\/luciennelaparisienne.fr\/wp-content\/uploads\/2026\/06\/WhatsApp-Image-2026-06-04-at-11.48.18-300x292.jpeg\" alt=\"\" width=\"300\" height=\"292\" srcset=\"https:\/\/luciennelaparisienne.fr\/wp-content\/uploads\/2026\/06\/WhatsApp-Image-2026-06-04-at-11.48.18-300x292.jpeg 300w, https:\/\/luciennelaparisienne.fr\/wp-content\/uploads\/2026\/06\/WhatsApp-Image-2026-06-04-at-11.48.18-1024x997.jpeg 1024w, https:\/\/luciennelaparisienne.fr\/wp-content\/uploads\/2026\/06\/WhatsApp-Image-2026-06-04-at-11.48.18-768x748.jpeg 768w, https:\/\/luciennelaparisienne.fr\/wp-content\/uploads\/2026\/06\/WhatsApp-Image-2026-06-04-at-11.48.18-12x12.jpeg 12w, https:\/\/luciennelaparisienne.fr\/wp-content\/uploads\/2026\/06\/WhatsApp-Image-2026-06-04-at-11.48.18-150x146.jpeg 150w, https:\/\/luciennelaparisienne.fr\/wp-content\/uploads\/2026\/06\/WhatsApp-Image-2026-06-04-at-11.48.18-600x584.jpeg 600w, https:\/\/luciennelaparisienne.fr\/wp-content\/uploads\/2026\/06\/WhatsApp-Image-2026-06-04-at-11.48.18-900x876.jpeg 900w, https:\/\/luciennelaparisienne.fr\/wp-content\/uploads\/2026\/06\/WhatsApp-Image-2026-06-04-at-11.48.18-50x50.jpeg 50w, https:\/\/luciennelaparisienne.fr\/wp-content\/uploads\/2026\/06\/WhatsApp-Image-2026-06-04-at-11.48.18.jpeg 1206w\" sizes=\"auto, (max-width: 300px) 100vw, 300px\" \/><br \/>\n<\/span><\/p>\n<p><strong>Promuovere un'attivit\u00e0 fisica regolare<\/strong><br \/>\nPasseggiate regolari e moderate, insieme a un'andatura adeguata, consentono di rafforzare delicatamente i muscoli che sostengono la colonna vertebrale. Attenzione! Gli sforzi fisici eccessivi, come correre a lungo dietro a una bicicletta, vanno evitati, poich\u00e9 possono indebolire la schiena del vostro bassotto.<br \/>\n<img loading=\"lazy\" decoding=\"async\" class=\"wp-image-17885 alignnone\" src=\"https:\/\/luciennelaparisienne.fr\/wp-content\/uploads\/2026\/06\/WhatsApp-Image-2026-06-04-at-12.00.19-200x300.jpeg\" alt=\"\" width=\"226\" height=\"339\" srcset=\"https:\/\/luciennelaparisienne.fr\/wp-content\/uploads\/2026\/06\/WhatsApp-Image-2026-06-04-at-12.00.19-200x300.jpeg 200w, https:\/\/luciennelaparisienne.fr\/wp-content\/uploads\/2026\/06\/WhatsApp-Image-2026-06-04-at-12.00.19-682x1024.jpeg 682w, https:\/\/luciennelaparisienne.fr\/wp-content\/uploads\/2026\/06\/WhatsApp-Image-2026-06-04-at-12.00.19-768x1153.jpeg 768w, https:\/\/luciennelaparisienne.fr\/wp-content\/uploads\/2026\/06\/WhatsApp-Image-2026-06-04-at-12.00.19-1023x1536.jpeg 1023w, https:\/\/luciennelaparisienne.fr\/wp-content\/uploads\/2026\/06\/WhatsApp-Image-2026-06-04-at-12.00.19-8x12.jpeg 8w, https:\/\/luciennelaparisienne.fr\/wp-content\/uploads\/2026\/06\/WhatsApp-Image-2026-06-04-at-12.00.19-100x150.jpeg 100w, https:\/\/luciennelaparisienne.fr\/wp-content\/uploads\/2026\/06\/WhatsApp-Image-2026-06-04-at-12.00.19-600x901.jpeg 600w, https:\/\/luciennelaparisienne.fr\/wp-content\/uploads\/2026\/06\/WhatsApp-Image-2026-06-04-at-12.00.19-900x1351.jpeg 900w, https:\/\/luciennelaparisienne.fr\/wp-content\/uploads\/2026\/06\/WhatsApp-Image-2026-06-04-at-12.00.19.jpeg 1066w\" sizes=\"auto, (max-width: 226px) 100vw, 226px\" \/><\/p>\n<p><strong>Limitare i salti ripetuti<\/strong><br \/>\nAlzarsi ripetutamente dal divano o dal letto pu\u00f2 sottoporre la colonna vertebrale a forti urti. L'uso di rampe o gradini adeguati permette di limitare questi impatti e di proteggere efficacemente la schiena del vostro bassotto nella vita di tutti i giorni.<br \/>\n<img loading=\"lazy\" decoding=\"async\" class=\"alignnone size-medium wp-image-17889\" src=\"https:\/\/luciennelaparisienne.fr\/wp-content\/uploads\/2026\/06\/WhatsApp-Image-2026-06-04-at-12.12.58-225x300.jpeg\" alt=\"\" width=\"225\" height=\"300\" srcset=\"https:\/\/luciennelaparisienne.fr\/wp-content\/uploads\/2026\/06\/WhatsApp-Image-2026-06-04-at-12.12.58-225x300.jpeg 225w, https:\/\/luciennelaparisienne.fr\/wp-content\/uploads\/2026\/06\/WhatsApp-Image-2026-06-04-at-12.12.58-768x1024.jpeg 768w, https:\/\/luciennelaparisienne.fr\/wp-content\/uploads\/2026\/06\/WhatsApp-Image-2026-06-04-at-12.12.58-1152x1536.jpeg 1152w, https:\/\/luciennelaparisienne.fr\/wp-content\/uploads\/2026\/06\/WhatsApp-Image-2026-06-04-at-12.12.58-9x12.jpeg 9w, https:\/\/luciennelaparisienne.fr\/wp-content\/uploads\/2026\/06\/WhatsApp-Image-2026-06-04-at-12.12.58-113x150.jpeg 113w, https:\/\/luciennelaparisienne.fr\/wp-content\/uploads\/2026\/06\/WhatsApp-Image-2026-06-04-at-12.12.58-600x800.jpeg 600w, https:\/\/luciennelaparisienne.fr\/wp-content\/uploads\/2026\/06\/WhatsApp-Image-2026-06-04-at-12.12.58-900x1200.jpeg 900w, https:\/\/luciennelaparisienne.fr\/wp-content\/uploads\/2026\/06\/WhatsApp-Image-2026-06-04-at-12.12.58.jpeg 1200w\" sizes=\"auto, (max-width: 225px) 100vw, 225px\" \/><\/p>\n<p><strong>Evitare di scendere spesso le scale<\/strong><br \/>\nScendere qualche gradino di tanto in tanto non rappresenta in genere un problema. Tuttavia, scendere ripetutamente le scale pu\u00f2 esercitare una forte sollecitazione sulla schiena del bassotto e indebolirne la colonna vertebrale nel lungo periodo.<br \/>\n<img loading=\"lazy\" decoding=\"async\" class=\"alignnone size-medium wp-image-17882\" src=\"https:\/\/luciennelaparisienne.fr\/wp-content\/uploads\/2026\/06\/WhatsApp-Image-2026-06-04-at-11.47.22-227x300.jpeg\" alt=\"\" width=\"227\" height=\"300\" srcset=\"https:\/\/luciennelaparisienne.fr\/wp-content\/uploads\/2026\/06\/WhatsApp-Image-2026-06-04-at-11.47.22-227x300.jpeg 227w, https:\/\/luciennelaparisienne.fr\/wp-content\/uploads\/2026\/06\/WhatsApp-Image-2026-06-04-at-11.47.22-774x1024.jpeg 774w, https:\/\/luciennelaparisienne.fr\/wp-content\/uploads\/2026\/06\/WhatsApp-Image-2026-06-04-at-11.47.22-768x1016.jpeg 768w, https:\/\/luciennelaparisienne.fr\/wp-content\/uploads\/2026\/06\/WhatsApp-Image-2026-06-04-at-11.47.22-1161x1536.jpeg 1161w, https:\/\/luciennelaparisienne.fr\/wp-content\/uploads\/2026\/06\/WhatsApp-Image-2026-06-04-at-11.47.22-9x12.jpeg 9w, https:\/\/luciennelaparisienne.fr\/wp-content\/uploads\/2026\/06\/WhatsApp-Image-2026-06-04-at-11.47.22-113x150.jpeg 113w, https:\/\/luciennelaparisienne.fr\/wp-content\/uploads\/2026\/06\/WhatsApp-Image-2026-06-04-at-11.47.22-600x794.jpeg 600w, https:\/\/luciennelaparisienne.fr\/wp-content\/uploads\/2026\/06\/WhatsApp-Image-2026-06-04-at-11.47.22-900x1190.jpeg 900w, https:\/\/luciennelaparisienne.fr\/wp-content\/uploads\/2026\/06\/WhatsApp-Image-2026-06-04-at-11.47.22.jpeg 1206w\" sizes=\"auto, (max-width: 227px) 100vw, 227px\" \/><\/p>\n<p><strong><span style=\"font-size: 12pt;\">Come trasportare correttamente il proprio bassotto<\/span><\/strong><br \/>\nScegliete borse appositamente progettate per la corporatura dei bassotti, come la nostra borsa da trasporto disponibile sul nostro sito, che garantisce un sostegno ottimale e permette di mantenere la schiena del vostro amico a quattro zampe ben dritta e perfettamente sostenuta per tutta la durata del viaggio.<br \/>\n<img loading=\"lazy\" decoding=\"async\" class=\"alignnone size-medium wp-image-17880\" src=\"https:\/\/luciennelaparisienne.fr\/wp-content\/uploads\/2026\/06\/Emiliya-Sultan-66052026-300x300.jpg\" alt=\"\" width=\"300\" height=\"300\" srcset=\"https:\/\/luciennelaparisienne.fr\/wp-content\/uploads\/2026\/06\/Emiliya-Sultan-66052026-300x300.jpg 300w, https:\/\/luciennelaparisienne.fr\/wp-content\/uploads\/2026\/06\/Emiliya-Sultan-66052026-150x150.jpg 150w, https:\/\/luciennelaparisienne.fr\/wp-content\/uploads\/2026\/06\/Emiliya-Sultan-66052026-768x768.jpg 768w, https:\/\/luciennelaparisienne.fr\/wp-content\/uploads\/2026\/06\/Emiliya-Sultan-66052026-12x12.jpg 12w, https:\/\/luciennelaparisienne.fr\/wp-content\/uploads\/2026\/06\/Emiliya-Sultan-66052026-600x600.jpg 600w, https:\/\/luciennelaparisienne.fr\/wp-content\/uploads\/2026\/06\/Emiliya-Sultan-66052026-900x900.jpg 900w, https:\/\/luciennelaparisienne.fr\/wp-content\/uploads\/2026\/06\/Emiliya-Sultan-66052026-100x100.jpg 100w, https:\/\/luciennelaparisienne.fr\/wp-content\/uploads\/2026\/06\/Emiliya-Sultan-66052026-50x50.jpg 50w, https:\/\/luciennelaparisienne.fr\/wp-content\/uploads\/2026\/06\/Emiliya-Sultan-66052026.jpg 1000w\" sizes=\"auto, (max-width: 300px) 100vw, 300px\" \/><\/p>\n<p><span style=\"font-weight: 400;\">Consultare immediatamente un medico in caso di sintomi insoliti quali:<\/span><br \/>\n<span style=\"font-weight: 400;\">mal di schiena, difficolt\u00e0 a camminare o a salire le scale, debolezza alle zampe o ancora quando il cane piange se lo si prende in braccio. Un intervento tempestivo pu\u00f2 aumentare le possibilit\u00e0 di recupero.<\/span><\/p>\n<p><span style=\"font-weight: 400;\">Nonostante tutte queste precauzioni, alcuni bassotti possono sviluppare un'ernia discale a causa della loro predisposizione genetica. Tuttavia, adottare queste buone pratiche nella vita quotidiana permette di ridurre lo sforzo a cui \u00e8 sottoposta la loro schiena e di contribuire al loro benessere a lungo termine.<\/span><\/p>\n<p>Condividete la vostra esperienza con l'ernia discale nei commenti.<\/p>","protected":false},"excerpt":{"rendered":"<p>Hernie discale chez le teckel : comprendre les risques et adopter les bons gestes La hernie discale est probablement l\u2019une des plus grandes inqui\u00e9tudes des propri\u00e9taires de teckels. Et pour cause : cette race est naturellement pr\u00e9dispos\u00e9e \u00e0 ce probl\u00e8me en raison de sa morphologie particuli\u00e8re, avec un dos long [&hellip;]<\/p>","protected":false},"author":2,"featured_media":17859,"comment_status":"open","ping_status":"open","sticky":false,"template":"","format":"standard","meta":{"inline_featured_image":false,"footnotes":""},"categories":[1],"tags":[],"class_list":["post-17703","post","type-post","status-publish","format-standard","has-post-thumbnail","hentry","category-non-classe"],"yoast_head":"<!-- This site is optimized with the Yoast SEO plugin v26.6 - https:\/\/yoast.com\/wordpress\/plugins\/seo\/ -->\n<title>Hernie discale chez le teckel - Lucienne la Parisienne<\/title>\n<meta name=\"description\" content=\"La hernie discale est probablement l\u2019une des plus grandes inqui\u00e9tudes des propri\u00e9taires de teckels. Et pour cause : cette race est naturellement pr\u00e9dispos\u00e9e \u00e0 ce probl\u00e8me en raison de sa morphologie particuli\u00e8re, avec un dos long et des pattes courtes.\" \/>\n<meta name=\"robots\" content=\"index, follow, max-snippet:-1, max-image-preview:large, max-video-preview:-1\" \/>\n<link rel=\"canonical\" href=\"https:\/\/luciennelaparisienne.fr\/it\/2026\/06\/04\/hernie-discale-chez-le-teckel\/\" \/>\n<meta property=\"og:locale\" content=\"it_IT\" \/>\n<meta property=\"og:type\" content=\"article\" \/>\n<meta property=\"og:title\" content=\"Hernie discale chez le teckel - Lucienne la Parisienne\" \/>\n<meta property=\"og:description\" content=\"La hernie discale est probablement l\u2019une des plus grandes inqui\u00e9tudes des propri\u00e9taires de teckels. Et pour cause : cette race est naturellement pr\u00e9dispos\u00e9e \u00e0 ce probl\u00e8me en raison de sa morphologie particuli\u00e8re, avec un dos long et des pattes courtes.\" \/>\n<meta property=\"og:url\" content=\"https:\/\/luciennelaparisienne.fr\/it\/2026\/06\/04\/hernie-discale-chez-le-teckel\/\" \/>\n<meta property=\"og:site_name\" content=\"Lucienne la Parisienne\" \/>\n<meta property=\"article:published_time\" content=\"2026-06-04T10:18:10+00:00\" \/>\n<meta property=\"article:modified_time\" content=\"2026-06-10T15:36:38+00:00\" \/>\n<meta property=\"og:image\" content=\"https:\/\/luciennelaparisienne.fr\/wp-content\/uploads\/2026\/06\/image-blog-hernie-discale-1-.jpeg\" \/>\n\t<meta property=\"og:image:width\" content=\"1500\" \/>\n\t<meta property=\"og:image:height\" content=\"1125\" \/>\n\t<meta property=\"og:image:type\" content=\"image\/jpeg\" \/>\n<meta name=\"author\" content=\"Lucienne la Parisienne\" \/>\n<meta name=\"twitter:card\" content=\"summary_large_image\" \/>\n<meta name=\"twitter:label1\" content=\"Scritto da\" \/>\n\t<meta name=\"twitter:data1\" content=\"Lucienne la Parisienne\" \/>\n\t<meta name=\"twitter:label2\" content=\"Tempo di lettura stimato\" \/>\n\t<meta name=\"twitter:data2\" content=\"5 minuti\" \/>\n<script type=\"application\/ld+json\" class=\"yoast-schema-graph\">{\"@context\":\"https:\/\/schema.org\",\"@graph\":[{\"@type\":\"WebPage\",\"@id\":\"https:\/\/luciennelaparisienne.fr\/2026\/06\/04\/hernie-discale-chez-le-teckel\/\",\"url\":\"https:\/\/luciennelaparisienne.fr\/2026\/06\/04\/hernie-discale-chez-le-teckel\/\",\"name\":\"Hernie discale chez le teckel - Lucienne la Parisienne\",\"isPartOf\":{\"@id\":\"https:\/\/luciennelaparisienne.fr\/#website\"},\"primaryImageOfPage\":{\"@id\":\"https:\/\/luciennelaparisienne.fr\/2026\/06\/04\/hernie-discale-chez-le-teckel\/#primaryimage\"},\"image\":{\"@id\":\"https:\/\/luciennelaparisienne.fr\/2026\/06\/04\/hernie-discale-chez-le-teckel\/#primaryimage\"},\"thumbnailUrl\":\"https:\/\/luciennelaparisienne.fr\/wp-content\/uploads\/2026\/06\/image-blog-hernie-discale-1-.jpeg\",\"datePublished\":\"2026-06-04T10:18:10+00:00\",\"dateModified\":\"2026-06-10T15:36:38+00:00\",\"author\":{\"@id\":\"https:\/\/luciennelaparisienne.fr\/#\/schema\/person\/046fd018e5f6a76c78aceebbedf495ae\"},\"description\":\"La hernie discale est probablement l\u2019une des plus grandes inqui\u00e9tudes des propri\u00e9taires de teckels. Et pour cause : cette race est naturellement pr\u00e9dispos\u00e9e \u00e0 ce probl\u00e8me en raison de sa morphologie particuli\u00e8re, avec un dos long et des pattes courtes.\",\"breadcrumb\":{\"@id\":\"https:\/\/luciennelaparisienne.fr\/2026\/06\/04\/hernie-discale-chez-le-teckel\/#breadcrumb\"},\"inLanguage\":\"it-IT\",\"potentialAction\":[{\"@type\":\"ReadAction\",\"target\":[\"https:\/\/luciennelaparisienne.fr\/2026\/06\/04\/hernie-discale-chez-le-teckel\/\"]}]},{\"@type\":\"ImageObject\",\"inLanguage\":\"it-IT\",\"@id\":\"https:\/\/luciennelaparisienne.fr\/2026\/06\/04\/hernie-discale-chez-le-teckel\/#primaryimage\",\"url\":\"https:\/\/luciennelaparisienne.fr\/wp-content\/uploads\/2026\/06\/image-blog-hernie-discale-1-.jpeg\",\"contentUrl\":\"https:\/\/luciennelaparisienne.fr\/wp-content\/uploads\/2026\/06\/image-blog-hernie-discale-1-.jpeg\",\"width\":1500,\"height\":1125},{\"@type\":\"BreadcrumbList\",\"@id\":\"https:\/\/luciennelaparisienne.fr\/2026\/06\/04\/hernie-discale-chez-le-teckel\/#breadcrumb\",\"itemListElement\":[{\"@type\":\"ListItem\",\"position\":1,\"name\":\"Accueil\",\"item\":\"https:\/\/luciennelaparisienne.fr\/\"},{\"@type\":\"ListItem\",\"position\":2,\"name\":\"Hernie discale chez le teckel\"}]},{\"@type\":\"WebSite\",\"@id\":\"https:\/\/luciennelaparisienne.fr\/#website\",\"url\":\"https:\/\/luciennelaparisienne.fr\/\",\"name\":\"Lucienne la Parisienne\",\"description\":\"Produits pour Teckels\",\"potentialAction\":[{\"@type\":\"SearchAction\",\"target\":{\"@type\":\"EntryPoint\",\"urlTemplate\":\"https:\/\/luciennelaparisienne.fr\/?s={search_term_string}\"},\"query-input\":{\"@type\":\"PropertyValueSpecification\",\"valueRequired\":true,\"valueName\":\"search_term_string\"}}],\"inLanguage\":\"it-IT\"},{\"@type\":\"Person\",\"@id\":\"https:\/\/luciennelaparisienne.fr\/#\/schema\/person\/046fd018e5f6a76c78aceebbedf495ae\",\"name\":\"Lucienne la Parisienne\",\"image\":{\"@type\":\"ImageObject\",\"inLanguage\":\"it-IT\",\"@id\":\"https:\/\/luciennelaparisienne.fr\/#\/schema\/person\/image\/\",\"url\":\"https:\/\/secure.gravatar.com\/avatar\/a7830551dda38b7cd57221f92197c1cbbb429d243c3411a52cbe9b7dfb1f955c?s=96&d=mm&r=g\",\"contentUrl\":\"https:\/\/secure.gravatar.com\/avatar\/a7830551dda38b7cd57221f92197c1cbbb429d243c3411a52cbe9b7dfb1f955c?s=96&d=mm&r=g\",\"caption\":\"Lucienne la Parisienne\"},\"url\":\"https:\/\/luciennelaparisienne.fr\/it\/author\/admin_user\/\"}]}<\/script>\n<!-- \/ Yoast SEO plugin. -->","yoast_head_json":{"title":"Hernie discale chez le teckel - Lucienne la Parisienne","description":"La hernie discale est probablement l\u2019une des plus grandes inqui\u00e9tudes des propri\u00e9taires de teckels. Et pour cause : cette race est naturellement pr\u00e9dispos\u00e9e \u00e0 ce probl\u00e8me en raison de sa morphologie particuli\u00e8re, avec un dos long et des pattes courtes.","robots":{"index":"index","follow":"follow","max-snippet":"max-snippet:-1","max-image-preview":"max-image-preview:large","max-video-preview":"max-video-preview:-1"},"canonical":"https:\/\/luciennelaparisienne.fr\/it\/2026\/06\/04\/hernie-discale-chez-le-teckel\/","og_locale":"it_IT","og_type":"article","og_title":"Hernie discale chez le teckel - Lucienne la Parisienne","og_description":"La hernie discale est probablement l\u2019une des plus grandes inqui\u00e9tudes des propri\u00e9taires de teckels. Et pour cause : cette race est naturellement pr\u00e9dispos\u00e9e \u00e0 ce probl\u00e8me en raison de sa morphologie particuli\u00e8re, avec un dos long et des pattes courtes.","og_url":"https:\/\/luciennelaparisienne.fr\/it\/2026\/06\/04\/hernie-discale-chez-le-teckel\/","og_site_name":"Lucienne la Parisienne","article_published_time":"2026-06-04T10:18:10+00:00","article_modified_time":"2026-06-10T15:36:38+00:00","og_image":[{"width":1500,"height":1125,"url":"https:\/\/luciennelaparisienne.fr\/wp-content\/uploads\/2026\/06\/image-blog-hernie-discale-1-.jpeg","type":"image\/jpeg"}],"author":"Lucienne la Parisienne","twitter_card":"summary_large_image","twitter_misc":{"Scritto da":"Lucienne la Parisienne","Tempo di lettura stimato":"5 minuti"},"schema":{"@context":"https:\/\/schema.org","@graph":[{"@type":"WebPage","@id":"https:\/\/luciennelaparisienne.fr\/2026\/06\/04\/hernie-discale-chez-le-teckel\/","url":"https:\/\/luciennelaparisienne.fr\/2026\/06\/04\/hernie-discale-chez-le-teckel\/","name":"Hernie discale chez le teckel - Lucienne la Parisienne","isPartOf":{"@id":"https:\/\/luciennelaparisienne.fr\/#website"},"primaryImageOfPage":{"@id":"https:\/\/luciennelaparisienne.fr\/2026\/06\/04\/hernie-discale-chez-le-teckel\/#primaryimage"},"image":{"@id":"https:\/\/luciennelaparisienne.fr\/2026\/06\/04\/hernie-discale-chez-le-teckel\/#primaryimage"},"thumbnailUrl":"https:\/\/luciennelaparisienne.fr\/wp-content\/uploads\/2026\/06\/image-blog-hernie-discale-1-.jpeg","datePublished":"2026-06-04T10:18:10+00:00","dateModified":"2026-06-10T15:36:38+00:00","author":{"@id":"https:\/\/luciennelaparisienne.fr\/#\/schema\/person\/046fd018e5f6a76c78aceebbedf495ae"},"description":"La hernie discale est probablement l\u2019une des plus grandes inqui\u00e9tudes des propri\u00e9taires de teckels. Et pour cause : cette race est naturellement pr\u00e9dispos\u00e9e \u00e0 ce probl\u00e8me en raison de sa morphologie particuli\u00e8re, avec un dos long et des pattes courtes.","breadcrumb":{"@id":"https:\/\/luciennelaparisienne.fr\/2026\/06\/04\/hernie-discale-chez-le-teckel\/#breadcrumb"},"inLanguage":"it-IT","potentialAction":[{"@type":"ReadAction","target":["https:\/\/luciennelaparisienne.fr\/2026\/06\/04\/hernie-discale-chez-le-teckel\/"]}]},{"@type":"ImageObject","inLanguage":"it-IT","@id":"https:\/\/luciennelaparisienne.fr\/2026\/06\/04\/hernie-discale-chez-le-teckel\/#primaryimage","url":"https:\/\/luciennelaparisienne.fr\/wp-content\/uploads\/2026\/06\/image-blog-hernie-discale-1-.jpeg","contentUrl":"https:\/\/luciennelaparisienne.fr\/wp-content\/uploads\/2026\/06\/image-blog-hernie-discale-1-.jpeg","width":1500,"height":1125},{"@type":"BreadcrumbList","@id":"https:\/\/luciennelaparisienne.fr\/2026\/06\/04\/hernie-discale-chez-le-teckel\/#breadcrumb","itemListElement":[{"@type":"ListItem","position":1,"name":"Accueil","item":"https:\/\/luciennelaparisienne.fr\/"},{"@type":"ListItem","position":2,"name":"Hernie discale chez le teckel"}]},{"@type":"WebSite","@id":"https:\/\/luciennelaparisienne.fr\/#website","url":"https:\/\/luciennelaparisienne.fr\/","name":"Lucienne la Parisienne","description":"Produits pour Teckels","potentialAction":[{"@type":"SearchAction","target":{"@type":"EntryPoint","urlTemplate":"https:\/\/luciennelaparisienne.fr\/?s={search_term_string}"},"query-input":{"@type":"PropertyValueSpecification","valueRequired":true,"valueName":"search_term_string"}}],"inLanguage":"it-IT"},{"@type":"Person","@id":"https:\/\/luciennelaparisienne.fr\/#\/schema\/person\/046fd018e5f6a76c78aceebbedf495ae","name":"Lucienne la Parisienne","image":{"@type":"ImageObject","inLanguage":"it-IT","@id":"https:\/\/luciennelaparisienne.fr\/#\/schema\/person\/image\/","url":"https:\/\/secure.gravatar.com\/avatar\/a7830551dda38b7cd57221f92197c1cbbb429d243c3411a52cbe9b7dfb1f955c?s=96&d=mm&r=g","contentUrl":"https:\/\/secure.gravatar.com\/avatar\/a7830551dda38b7cd57221f92197c1cbbb429d243c3411a52cbe9b7dfb1f955c?s=96&d=mm&r=g","caption":"Lucienne la Parisienne"},"url":"https:\/\/luciennelaparisienne.fr\/it\/author\/admin_user\/"}]}},"_links":{"self":[{"href":"https:\/\/luciennelaparisienne.fr\/it\/wp-json\/wp\/v2\/posts\/17703","targetHints":{"allow":["GET"]}}],"collection":[{"href":"https:\/\/luciennelaparisienne.fr\/it\/wp-json\/wp\/v2\/posts"}],"about":[{"href":"https:\/\/luciennelaparisienne.fr\/it\/wp-json\/wp\/v2\/types\/post"}],"author":[{"embeddable":true,"href":"https:\/\/luciennelaparisienne.fr\/it\/wp-json\/wp\/v2\/users\/2"}],"replies":[{"embeddable":true,"href":"https:\/\/luciennelaparisienne.fr\/it\/wp-json\/wp\/v2\/comments?post=17703"}],"version-history":[{"count":17,"href":"https:\/\/luciennelaparisienne.fr\/it\/wp-json\/wp\/v2\/posts\/17703\/revisions"}],"predecessor-version":[{"id":17931,"href":"https:\/\/luciennelaparisienne.fr\/it\/wp-json\/wp\/v2\/posts\/17703\/revisions\/17931"}],"wp:featuredmedia":[{"embeddable":true,"href":"https:\/\/luciennelaparisienne.fr\/it\/wp-json\/wp\/v2\/media\/17859"}],"wp:attachment":[{"href":"https:\/\/luciennelaparisienne.fr\/it\/wp-json\/wp\/v2\/media?parent=17703"}],"wp:term":[{"taxonomy":"category","embeddable":true,"href":"https:\/\/luciennelaparisienne.fr\/it\/wp-json\/wp\/v2\/categories?post=17703"},{"taxonomy":"post_tag","embeddable":true,"href":"https:\/\/luciennelaparisienne.fr\/it\/wp-json\/wp\/v2\/tags?post=17703"}],"curies":[{"name":"wp","href":"https:\/\/api.w.org\/{rel}","templated":true}]}}